{"id":942,"date":"2025-08-24T14:42:37","date_gmt":"2025-08-24T12:42:37","guid":{"rendered":"https:\/\/valerieaudren.fr\/?p=942"},"modified":"2025-08-24T14:45:19","modified_gmt":"2025-08-24T12:45:19","slug":"stage-imago-generations-en-dialogue","status":"publish","type":"post","link":"https:\/\/valerieaudren.fr\/index.php\/2025\/08\/24\/stage-imago-generations-en-dialogue\/","title":{"rendered":"Stage Imago  \u00ab\u00a0 G\u00e9n\u00e9rations en dialogue\u00a0\u00bb"},"content":{"rendered":"\n<p><\/p>\n\n\n\n<p><\/p>\n\n\n\n<p>Je ressens une joie immense d\u2019avoir pu assister mes coll\u00e8gues Mich\u00e8le et Marc Spina sur ce si beau stage. Merci \u00e0 eux pour leur acceuil et leur confiance. Bravo aux participants pour leur courage, \u00e0 avoir \u00e9t\u00e9 au rendez vous de ces 4 jours de stage, afin de d\u00e9nouer leurs noeuds interg\u00e9n\u00e9rationnels et co-construire ensemble, gr\u00e2ce aux dialogues Imago, une relation plus consciente. J\u2019ai \u00e9t\u00e9 profond\u00e9ment touch\u00e9e par tous ces enfants et tous ces parents qui ont su partager leur vuln\u00e9rabilit\u00e9. C\u2019\u00e9tait sinc\u00e8rement, un honneur et une joie de vous accompagner. Merci pour votre confiance. Mon coeur et ma pratique se nourrissent un peu plus, \u00e0 chaque nouvelle exp\u00e9rience et aventure Imago ! <br><\/p>\n\n\n\n<figure class=\"wp-block-gallery has-nested-images columns-default is-cropped wp-block-gallery-1 is-layout-flex wp-block-gallery-is-layout-flex\">\n<figure class=\"wp-block-image size-large\"><img loading=\"lazy\" decoding=\"async\" width=\"1024\" height=\"768\" data-id=\"943\" src=\"https:\/\/valerieaudren.fr\/wp-content\/uploads\/2025\/08\/814f88e9-2eb8-4a67-8770-6bc2b3904277-1024x768.jpeg\" alt=\"\" class=\"wp-image-943\" srcset=\"https:\/\/valerieaudren.fr\/wp-content\/uploads\/2025\/08\/814f88e9-2eb8-4a67-8770-6bc2b3904277-1024x768.jpeg 1024w, https:\/\/valerieaudren.fr\/wp-content\/uploads\/2025\/08\/814f88e9-2eb8-4a67-8770-6bc2b3904277-300x225.jpeg 300w, https:\/\/valerieaudren.fr\/wp-content\/uploads\/2025\/08\/814f88e9-2eb8-4a67-8770-6bc2b3904277-768x576.jpeg 768w, https:\/\/valerieaudren.fr\/wp-content\/uploads\/2025\/08\/814f88e9-2eb8-4a67-8770-6bc2b3904277-1536x1152.jpeg 1536w, https:\/\/valerieaudren.fr\/wp-content\/uploads\/2025\/08\/814f88e9-2eb8-4a67-8770-6bc2b3904277.jpeg 1600w\" sizes=\"(max-width: 1024px) 100vw, 1024px\" \/><\/figure>\n<\/figure>\n","protected":false},"excerpt":{"rendered":"<p>Je ressens une joie immense d\u2019avoir pu assister mes coll\u00e8gues Mich\u00e8le et Marc Spina sur ce si beau stage. Merci \u00e0 eux pour leur acceuil et leur confiance. Bravo aux participants pour leur courage, \u00e0 avoir \u00e9t\u00e9 au rendez vous de ces 4 jours de stage, afin de d\u00e9nouer leurs noeuds interg\u00e9n\u00e9rationnels et co-construire ensemble, [&hellip;]<\/p>\n","protected":false},"author":2,"featured_media":0,"comment_status":"closed","ping_status":"open","sticky":false,"template":"","format":"standard","meta":{"footnotes":""},"categories":[7],"tags":[],"class_list":["post-942","post","type-post","status-publish","format-standard","hentry","category-actualite"],"_links":{"self":[{"href":"https:\/\/valerieaudren.fr\/index.php\/wp-json\/wp\/v2\/posts\/942"}],"collection":[{"href":"https:\/\/valerieaudren.fr\/index.php\/wp-json\/wp\/v2\/posts"}],"about":[{"href":"https:\/\/valerieaudren.fr\/index.php\/wp-json\/wp\/v2\/types\/post"}],"author":[{"embeddable":true,"href":"https:\/\/valerieaudren.fr\/index.php\/wp-json\/wp\/v2\/users\/2"}],"replies":[{"embeddable":true,"href":"https:\/\/valerieaudren.fr\/index.php\/wp-json\/wp\/v2\/comments?post=942"}],"version-history":[{"count":3,"href":"https:\/\/valerieaudren.fr\/index.php\/wp-json\/wp\/v2\/posts\/942\/revisions"}],"predecessor-version":[{"id":946,"href":"https:\/\/valerieaudren.fr\/index.php\/wp-json\/wp\/v2\/posts\/942\/revisions\/946"}],"wp:attachment":[{"href":"https:\/\/valerieaudren.fr\/index.php\/wp-json\/wp\/v2\/media?parent=942"}],"wp:term":[{"taxonomy":"category","embeddable":true,"href":"https:\/\/valerieaudren.fr\/index.php\/wp-json\/wp\/v2\/categories?post=942"},{"taxonomy":"post_tag","embeddable":true,"href":"https:\/\/valerieaudren.fr\/index.php\/wp-json\/wp\/v2\/tags?post=942"}],"curies":[{"name":"wp","href":"https:\/\/api.w.org\/{rel}","templated":true}]}}