{"id":981,"date":"2026-01-08T13:58:23","date_gmt":"2026-01-08T11:58:23","guid":{"rendered":"https:\/\/valerieaudren.fr\/?p=981"},"modified":"2026-01-08T13:59:55","modified_gmt":"2026-01-08T11:59:55","slug":"un-beau-documentaire-arte-a-visionner","status":"publish","type":"post","link":"https:\/\/valerieaudren.fr\/index.php\/2026\/01\/08\/un-beau-documentaire-arte-a-visionner\/","title":{"rendered":"Un beau documentaire !"},"content":{"rendered":"\n<p>Ce documentaire donne la parole aux th\u00e9rapeutes et aux patients. Chacun dit ce que c&rsquo;est pour lui, d&rsquo;exercer et d&rsquo;aller en th\u00e9rapie. <\/p>\n\n\n\n<p>Bon visionnage \u00e0 vous tous et toutes . Au plaisir de vous retrouver dans cette belle aventure qu&rsquo;est la th\u00e9rapie !<\/p>\n\n\n\n<p><a href=\"https:\/\/www.arte.tv\/fr\/videos\/118193-000-A\/en-therapie-et-apres\">https:\/\/www.arte.tv\/fr\/videos\/118193-000-A\/en-therapie-et-apres<\/a><\/p>\n","protected":false},"excerpt":{"rendered":"<p>Ce documentaire donne la parole aux th\u00e9rapeutes et aux patients. Chacun dit ce que c&rsquo;est pour lui, d&rsquo;exercer et d&rsquo;aller en th\u00e9rapie. Bon visionnage \u00e0 vous tous et toutes . Au plaisir de vous retrouver dans cette belle aventure qu&rsquo;est la th\u00e9rapie ! https:\/\/www.arte.tv\/fr\/videos\/118193-000-A\/en-therapie-et-apres<\/p>\n","protected":false},"author":2,"featured_media":0,"comment_status":"closed","ping_status":"open","sticky":false,"template":"","format":"standard","meta":{"footnotes":""},"categories":[7],"tags":[],"class_list":["post-981","post","type-post","status-publish","format-standard","hentry","category-actualite"],"_links":{"self":[{"href":"https:\/\/valerieaudren.fr\/index.php\/wp-json\/wp\/v2\/posts\/981"}],"collection":[{"href":"https:\/\/valerieaudren.fr\/index.php\/wp-json\/wp\/v2\/posts"}],"about":[{"href":"https:\/\/valerieaudren.fr\/index.php\/wp-json\/wp\/v2\/types\/post"}],"author":[{"embeddable":true,"href":"https:\/\/valerieaudren.fr\/index.php\/wp-json\/wp\/v2\/users\/2"}],"replies":[{"embeddable":true,"href":"https:\/\/valerieaudren.fr\/index.php\/wp-json\/wp\/v2\/comments?post=981"}],"version-history":[{"count":2,"href":"https:\/\/valerieaudren.fr\/index.php\/wp-json\/wp\/v2\/posts\/981\/revisions"}],"predecessor-version":[{"id":983,"href":"https:\/\/valerieaudren.fr\/index.php\/wp-json\/wp\/v2\/posts\/981\/revisions\/983"}],"wp:attachment":[{"href":"https:\/\/valerieaudren.fr\/index.php\/wp-json\/wp\/v2\/media?parent=981"}],"wp:term":[{"taxonomy":"category","embeddable":true,"href":"https:\/\/valerieaudren.fr\/index.php\/wp-json\/wp\/v2\/categories?post=981"},{"taxonomy":"post_tag","embeddable":true,"href":"https:\/\/valerieaudren.fr\/index.php\/wp-json\/wp\/v2\/tags?post=981"}],"curies":[{"name":"wp","href":"https:\/\/api.w.org\/{rel}","templated":true}]}}